{"id":2489,"date":"2025-08-10T23:31:23","date_gmt":"2025-08-10T20:31:23","guid":{"rendered":"https:\/\/jungianstudiesistanbul.com\/?p=2489"},"modified":"2025-08-10T23:31:29","modified_gmt":"2025-08-10T20:31:29","slug":"c-g-jungun-elestirel-edisyonu-26-ciltlik-buyuk-proje-basliyor","status":"publish","type":"post","link":"https:\/\/jungianstudiesistanbul.com\/en\/c-g-jungun-elestirel-edisyonu-26-ciltlik-buyuk-proje-basliyor\/","title":{"rendered":"C. G. Jung\u2019un Ele\u015ftirel Edisyonu: 26 Ciltlik B\u00fcy\u00fck Proje Ba\u015fl\u0131yor"},"content":{"rendered":"<p>Bu y\u0131l, Princeton University Press (PUP) \u00f6nemli bir giri\u015fimi duyurdu: <strong>\u201cC. G. Jung\u2019un Eserlerinin Ele\u015ftirel Edisyonu\u201d<\/strong>. Kuzey Amerika\u2019da uzun s\u00fcredir Jung\u2019un <em>T\u00fcm Eserleri<\/em>\u2019nin yay\u0131nc\u0131s\u0131 olan PUP, art\u0131k bu yeni edisyonun <strong>k\u00fcresel yay\u0131nc\u0131s\u0131<\/strong> olacak. Jung Vakf\u0131\u2019n\u0131n (Z\u00fcrih) deste\u011fiyle y\u00fcr\u00fct\u00fclecek proje, Jung\u2019un yay\u0131mlanm\u0131\u015f ve yay\u0131mlanmam\u0131\u015f eserlerine ar\u015fivlerden, mektuplardan ve \u00e7oklu bask\u0131lardan ula\u015farak, onlar\u0131 filolojik a\u00e7\u0131dan g\u00fcvenilir, ba\u011flamsal notlarla desteklenmi\u015f bir bi\u00e7imde yeniden sunmay\u0131 ama\u00e7l\u0131yor.<\/p>\n\n\n\n<p>Genel edit\u00f6rl\u00fc\u011f\u00fcn\u00fc <strong>Prof. Dr. Sonu Shamdasani<\/strong>\u2019nin y\u00fcr\u00fctt\u00fc\u011f\u00fc \u00e7al\u0131\u015fma, <strong>26 ciltten<\/strong> olu\u015facak ve her biri <strong>Caitlin Stephens<\/strong> taraf\u0131ndan yeniden \u00e7evrilecek. \u00c7eviri denetimini Astrid Freuler \u00fcstlenecek. Her cilt; tarihsel giri\u015fler, a\u00e7\u0131klay\u0131c\u0131 notlar ve Jung\u2019un farkl\u0131 d\u00f6nemlerde yapt\u0131\u011f\u0131 de\u011fi\u015fikliklerin izini s\u00fcren ayr\u0131nt\u0131l\u0131 bir akademik aparat ile donat\u0131lacak. Projenin tamamlanmas\u0131 yakla\u015f\u0131k <strong>20 y\u0131l<\/strong> s\u00fcrecek.<\/p>\n\n\n\n<h3 class=\"wp-block-heading\"><strong>Sonu Shamdasani ile R\u00f6portajdan \u00d6ne \u00c7\u0131kanlar<\/strong><\/h3>\n\n\n\n<p><em>New Books Network<\/em>\u2019te Caleb Zakarin ile yapt\u0131\u011f\u0131 s\u00f6yle\u015fide Shamdasani, Jung\u2019la tan\u0131\u015fma hik\u00e2yesini ve projenin \u00f6l\u00e7e\u011fini anlatt\u0131:<\/p>\n\n\n\n<ul class=\"wp-block-list\">\n<li>Jung\u2019un eserlerine gen\u00e7 ya\u015fta ilgi duyan Shamdasani, psikoloji ve felsefe \u00e7al\u0131\u015fmalar\u0131nda kar\u015f\u0131la\u015ft\u0131\u011f\u0131 g\u00f6r\u00fc\u015f karma\u015fas\u0131n\u0131n k\u00f6kenini anlamak i\u00e7in psikolojinin tarihine y\u00f6neldi\u011fini s\u00f6yl\u00fcyor.<\/li>\n\n\n\n<li>20 y\u0131l \u00f6nce kurdu\u011fu <strong>Philemon Vakf\u0131<\/strong> ile Jung\u2019un yay\u0131mlanmam\u0131\u015f metinlerini yay\u0131mlamaya ba\u015flad\u0131klar\u0131n\u0131, \u015fimdi ise mevcut eserlerin akademik standartlarda yeniden d\u00fczenlenmesi a\u015famas\u0131na ge\u00e7tiklerini belirtiyor.<\/li>\n\n\n\n<li>Edisyonun kronolojik s\u0131rayla ilerlemesi, bizzat Jung\u2019un \u00f6nerdi\u011fi bir y\u00f6ntemmi\u015f.<\/li>\n<\/ul>\n\n\n\n<p>Shamdasani, projenin \u00f6nemini \u015f\u00f6yle a\u00e7\u0131kl\u0131yor:<\/p>\n\n\n\n<blockquote class=\"wp-block-quote is-layout-flow wp-block-quote-is-layout-flow\">\n<p>\u201cJung \u00e7al\u0131\u015fmalar\u0131n\u0131n \u00f6n\u00fcndeki en b\u00fcy\u00fck engel, mevcut metinlerin eksik, filolojik olarak yetersiz ve \u00e7evirilerinin sorunlu olmas\u0131. \u00d6ncelikli g\u00f6revimiz g\u00fcvenilir bir temel metin olu\u015fturmak.\u201d<\/p>\n<\/blockquote>\n\n\n\n<h3 class=\"wp-block-heading\"><strong>Okurlara \u00d6neriler<\/strong><\/h3>\n\n\n\n<p>Jung\u2019a yeni ba\u015flayacaklara <strong>K\u0131rm\u0131z\u0131 Kitap (Liber Novus)<\/strong> ve <strong>1925 Seminerleri (Jungian Psychology: A Introduction)<\/strong> ile ba\u015flamalar\u0131n\u0131 tavsiye eden Shamdasani, Jung\u2019un temel derdinin bireylerin kendi i\u00e7 kaynaklar\u0131n\u0131 ke\u015ffetmelerini sa\u011flamak oldu\u011funu vurguluyor.<\/p>\n\n\n\n<h3 class=\"wp-block-heading\"><strong>Bir Ar\u015fiv Kaz\u0131s\u0131<\/strong><\/h3>\n\n\n\n<p>Shamdasani \u015fu s\u0131ralar Jung\u2019un erken d\u00f6nem (1900\u2019lerin ba\u015f\u0131) \u00e7al\u0131\u015fmalar\u0131n\u0131 i\u00e7eren ikinci cilt \u00fczerinde \u00e7al\u0131\u015f\u0131yor. Burgh\u00f6lzli Klini\u011fi ar\u015fivlerinden \u00e7\u0131kan yakla\u015f\u0131k <strong>150 hasta kayd\u0131<\/strong>, Jung\u2019un insan ya\u015fam\u0131na duydu\u011fu empatik ilgiyi ve psikoterap\u00f6tik aray\u0131\u015flar\u0131n\u0131n k\u00f6kenini g\u00f6zler \u00f6n\u00fcne seriyor.<\/p>\n\n\n\n<hr class=\"wp-block-separator has-alpha-channel-opacity\"\/>\n\n\n\n<p><strong>Kaynaklar:<\/strong><\/p>\n\n\n\n<ul class=\"wp-block-list\">\n<li>Princeton University Press \u2013 <a class=\"\" href=\"https:\/\/press.princeton.edu\/news\/critical-edition-c-g-jung-news\">Critical Edition of the Works of C. G. Jung<\/a><\/li>\n\n\n\n<li>New Books Network \u2013 <a class=\"\" href=\"https:\/\/newbooksnetwork.com\/introducing-the-critical-edition-of-the-works-of-c-g-jung\">Interview with Sonu Shamdasani<\/a><\/li>\n<\/ul>\n\n\n\n<p><\/p>","protected":false},"excerpt":{"rendered":"<p>Bu y\u0131l, Princeton University Press (PUP) \u00f6nemli bir giri\u015fimi duyurdu: \u201cC. G.&hellip;<\/p>","protected":false},"author":1,"featured_media":2490,"comment_status":"open","ping_status":"open","sticky":false,"template":"","format":"standard","meta":{"footnotes":""},"categories":[45,1],"tags":[],"class_list":["post-2489","post","type-post","status-publish","format-standard","has-post-thumbnail","hentry","category-carl-jung","category-tum-blog"],"yoast_head":"<!-- This site is optimized with the Yoast SEO plugin v26.8 - https:\/\/yoast.com\/product\/yoast-seo-wordpress\/ -->\n<title>C. G. Jung\u2019un Ele\u015ftirel Edisyonu: 26 Ciltlik B\u00fcy\u00fck Proje Ba\u015fl\u0131yor - Jungian Studies \u0130stanbul<\/title>\n<meta name=\"robots\" content=\"index, follow, max-snippet:-1, max-image-preview:large, max-video-preview:-1\" \/>\n<link rel=\"canonical\" href=\"https:\/\/jungianstudiesistanbul.com\/en\/c-g-jungun-elestirel-edisyonu-26-ciltlik-buyuk-proje-basliyor\/\" \/>\n<meta property=\"og:locale\" content=\"en_US\" \/>\n<meta property=\"og:type\" content=\"article\" \/>\n<meta property=\"og:title\" content=\"C. G. Jung\u2019un Ele\u015ftirel Edisyonu: 26 Ciltlik B\u00fcy\u00fck Proje Ba\u015fl\u0131yor - Jungian Studies \u0130stanbul\" \/>\n<meta property=\"og:description\" content=\"Bu y\u0131l, Princeton University Press (PUP) \u00f6nemli bir giri\u015fimi duyurdu: \u201cC. G.&hellip;\" \/>\n<meta property=\"og:url\" content=\"https:\/\/jungianstudiesistanbul.com\/en\/c-g-jungun-elestirel-edisyonu-26-ciltlik-buyuk-proje-basliyor\/\" \/>\n<meta property=\"og:site_name\" content=\"Jungian Studies \u0130stanbul\" \/>\n<meta property=\"article:published_time\" content=\"2025-08-10T20:31:23+00:00\" \/>\n<meta property=\"article:modified_time\" content=\"2025-08-10T20:31:29+00:00\" \/>\n<meta property=\"og:image\" content=\"https:\/\/jungianstudiesistanbul.com\/wp-content\/uploads\/2025\/08\/WhatsApp-Gorsel-2025-08-05-saat-07.55.40_e6224f0a.jpg\" \/>\n\t<meta property=\"og:image:width\" content=\"793\" \/>\n\t<meta property=\"og:image:height\" content=\"746\" \/>\n\t<meta property=\"og:image:type\" content=\"image\/jpeg\" \/>\n<meta name=\"author\" content=\"admin\" \/>\n<meta name=\"twitter:card\" content=\"summary_large_image\" \/>\n<meta name=\"twitter:label1\" content=\"Written by\" \/>\n\t<meta name=\"twitter:data1\" content=\"admin\" \/>\n\t<meta name=\"twitter:label2\" content=\"Est. reading time\" \/>\n\t<meta name=\"twitter:data2\" content=\"2 minutes\" \/>\n<script type=\"application\/ld+json\" class=\"yoast-schema-graph\">{\"@context\":\"https:\/\/schema.org\",\"@graph\":[{\"@type\":\"Article\",\"@id\":\"https:\/\/jungianstudiesistanbul.com\/c-g-jungun-elestirel-edisyonu-26-ciltlik-buyuk-proje-basliyor\/#article\",\"isPartOf\":{\"@id\":\"https:\/\/jungianstudiesistanbul.com\/c-g-jungun-elestirel-edisyonu-26-ciltlik-buyuk-proje-basliyor\/\"},\"author\":{\"name\":\"admin\",\"@id\":\"https:\/\/jungianstudiesistanbul.com\/#\/schema\/person\/b2175f1e9f8026df21274ecca5085926\"},\"headline\":\"C. G. Jung\u2019un Ele\u015ftirel Edisyonu: 26 Ciltlik B\u00fcy\u00fck Proje Ba\u015fl\u0131yor\",\"datePublished\":\"2025-08-10T20:31:23+00:00\",\"dateModified\":\"2025-08-10T20:31:29+00:00\",\"mainEntityOfPage\":{\"@id\":\"https:\/\/jungianstudiesistanbul.com\/c-g-jungun-elestirel-edisyonu-26-ciltlik-buyuk-proje-basliyor\/\"},\"wordCount\":458,\"commentCount\":0,\"publisher\":{\"@id\":\"https:\/\/jungianstudiesistanbul.com\/#organization\"},\"image\":{\"@id\":\"https:\/\/jungianstudiesistanbul.com\/c-g-jungun-elestirel-edisyonu-26-ciltlik-buyuk-proje-basliyor\/#primaryimage\"},\"thumbnailUrl\":\"https:\/\/jungianstudiesistanbul.com\/wp-content\/uploads\/2025\/08\/WhatsApp-Gorsel-2025-08-05-saat-07.55.40_e6224f0a.jpg\",\"articleSection\":[\"Carl Jung\",\"T\u00fcm Blog\"],\"inLanguage\":\"en-US\",\"potentialAction\":[{\"@type\":\"CommentAction\",\"name\":\"Comment\",\"target\":[\"https:\/\/jungianstudiesistanbul.com\/c-g-jungun-elestirel-edisyonu-26-ciltlik-buyuk-proje-basliyor\/#respond\"]}]},{\"@type\":\"WebPage\",\"@id\":\"https:\/\/jungianstudiesistanbul.com\/c-g-jungun-elestirel-edisyonu-26-ciltlik-buyuk-proje-basliyor\/\",\"url\":\"https:\/\/jungianstudiesistanbul.com\/c-g-jungun-elestirel-edisyonu-26-ciltlik-buyuk-proje-basliyor\/\",\"name\":\"C. G. Jung\u2019un Ele\u015ftirel Edisyonu: 26 Ciltlik B\u00fcy\u00fck Proje Ba\u015fl\u0131yor - Jungian Studies \u0130stanbul\",\"isPartOf\":{\"@id\":\"https:\/\/jungianstudiesistanbul.com\/#website\"},\"primaryImageOfPage\":{\"@id\":\"https:\/\/jungianstudiesistanbul.com\/c-g-jungun-elestirel-edisyonu-26-ciltlik-buyuk-proje-basliyor\/#primaryimage\"},\"image\":{\"@id\":\"https:\/\/jungianstudiesistanbul.com\/c-g-jungun-elestirel-edisyonu-26-ciltlik-buyuk-proje-basliyor\/#primaryimage\"},\"thumbnailUrl\":\"https:\/\/jungianstudiesistanbul.com\/wp-content\/uploads\/2025\/08\/WhatsApp-Gorsel-2025-08-05-saat-07.55.40_e6224f0a.jpg\",\"datePublished\":\"2025-08-10T20:31:23+00:00\",\"dateModified\":\"2025-08-10T20:31:29+00:00\",\"breadcrumb\":{\"@id\":\"https:\/\/jungianstudiesistanbul.com\/c-g-jungun-elestirel-edisyonu-26-ciltlik-buyuk-proje-basliyor\/#breadcrumb\"},\"inLanguage\":\"en-US\",\"potentialAction\":[{\"@type\":\"ReadAction\",\"target\":[\"https:\/\/jungianstudiesistanbul.com\/c-g-jungun-elestirel-edisyonu-26-ciltlik-buyuk-proje-basliyor\/\"]}]},{\"@type\":\"ImageObject\",\"inLanguage\":\"en-US\",\"@id\":\"https:\/\/jungianstudiesistanbul.com\/c-g-jungun-elestirel-edisyonu-26-ciltlik-buyuk-proje-basliyor\/#primaryimage\",\"url\":\"https:\/\/jungianstudiesistanbul.com\/wp-content\/uploads\/2025\/08\/WhatsApp-Gorsel-2025-08-05-saat-07.55.40_e6224f0a.jpg\",\"contentUrl\":\"https:\/\/jungianstudiesistanbul.com\/wp-content\/uploads\/2025\/08\/WhatsApp-Gorsel-2025-08-05-saat-07.55.40_e6224f0a.jpg\",\"width\":793,\"height\":746},{\"@type\":\"BreadcrumbList\",\"@id\":\"https:\/\/jungianstudiesistanbul.com\/c-g-jungun-elestirel-edisyonu-26-ciltlik-buyuk-proje-basliyor\/#breadcrumb\",\"itemListElement\":[{\"@type\":\"ListItem\",\"position\":1,\"name\":\"Anasayfa\",\"item\":\"https:\/\/jungianstudiesistanbul.com\/\"},{\"@type\":\"ListItem\",\"position\":2,\"name\":\"C. G. Jung\u2019un Ele\u015ftirel Edisyonu: 26 Ciltlik B\u00fcy\u00fck Proje Ba\u015fl\u0131yor\"}]},{\"@type\":\"WebSite\",\"@id\":\"https:\/\/jungianstudiesistanbul.com\/#website\",\"url\":\"https:\/\/jungianstudiesistanbul.com\/\",\"name\":\"Jungian Studies \u0130stanbul\",\"description\":\"e-Kitaplar, PDF D\u00f6k\u00fcmanlar, At\u00f6lyeler ve G\u00fcncel \u0130\u00e7erikler\",\"publisher\":{\"@id\":\"https:\/\/jungianstudiesistanbul.com\/#organization\"},\"potentialAction\":[{\"@type\":\"SearchAction\",\"target\":{\"@type\":\"EntryPoint\",\"urlTemplate\":\"https:\/\/jungianstudiesistanbul.com\/?s={search_term_string}\"},\"query-input\":{\"@type\":\"PropertyValueSpecification\",\"valueRequired\":true,\"valueName\":\"search_term_string\"}}],\"inLanguage\":\"en-US\"},{\"@type\":\"Organization\",\"@id\":\"https:\/\/jungianstudiesistanbul.com\/#organization\",\"name\":\"Jungian Studies \u0130stanbul\",\"url\":\"https:\/\/jungianstudiesistanbul.com\/\",\"logo\":{\"@type\":\"ImageObject\",\"inLanguage\":\"en-US\",\"@id\":\"https:\/\/jungianstudiesistanbul.com\/#\/schema\/logo\/image\/\",\"url\":\"https:\/\/jungianstudiesistanbul.com\/wp-content\/uploads\/2026\/01\/rsw_700cg_truem.png\",\"contentUrl\":\"https:\/\/jungianstudiesistanbul.com\/wp-content\/uploads\/2026\/01\/rsw_700cg_truem.png\",\"width\":700,\"height\":700,\"caption\":\"Jungian Studies \u0130stanbul\"},\"image\":{\"@id\":\"https:\/\/jungianstudiesistanbul.com\/#\/schema\/logo\/image\/\"}},{\"@type\":\"Person\",\"@id\":\"https:\/\/jungianstudiesistanbul.com\/#\/schema\/person\/b2175f1e9f8026df21274ecca5085926\",\"name\":\"admin\",\"image\":{\"@type\":\"ImageObject\",\"inLanguage\":\"en-US\",\"@id\":\"https:\/\/jungianstudiesistanbul.com\/#\/schema\/person\/image\/\",\"url\":\"https:\/\/secure.gravatar.com\/avatar\/817f01cdb5bb072ddd6ce6650db1bbf31e50aaf53d12726f5ef0d9a0f3f237a5?s=96&d=mm&r=g\",\"contentUrl\":\"https:\/\/secure.gravatar.com\/avatar\/817f01cdb5bb072ddd6ce6650db1bbf31e50aaf53d12726f5ef0d9a0f3f237a5?s=96&d=mm&r=g\",\"caption\":\"admin\"},\"sameAs\":[\"https:\/\/jungianstudiesistanbul.com\/v2\"],\"url\":\"https:\/\/jungianstudiesistanbul.com\/en\/author\/admin\/\"}]}<\/script>\n<!-- \/ Yoast SEO plugin. -->","yoast_head_json":{"title":"C. G. Jung\u2019un Ele\u015ftirel Edisyonu: 26 Ciltlik B\u00fcy\u00fck Proje Ba\u015fl\u0131yor - Jungian Studies \u0130stanbul","robots":{"index":"index","follow":"follow","max-snippet":"max-snippet:-1","max-image-preview":"max-image-preview:large","max-video-preview":"max-video-preview:-1"},"canonical":"https:\/\/jungianstudiesistanbul.com\/en\/c-g-jungun-elestirel-edisyonu-26-ciltlik-buyuk-proje-basliyor\/","og_locale":"en_US","og_type":"article","og_title":"C. G. Jung\u2019un Ele\u015ftirel Edisyonu: 26 Ciltlik B\u00fcy\u00fck Proje Ba\u015fl\u0131yor - Jungian Studies \u0130stanbul","og_description":"Bu y\u0131l, Princeton University Press (PUP) \u00f6nemli bir giri\u015fimi duyurdu: \u201cC. G.&hellip;","og_url":"https:\/\/jungianstudiesistanbul.com\/en\/c-g-jungun-elestirel-edisyonu-26-ciltlik-buyuk-proje-basliyor\/","og_site_name":"Jungian Studies \u0130stanbul","article_published_time":"2025-08-10T20:31:23+00:00","article_modified_time":"2025-08-10T20:31:29+00:00","og_image":[{"width":793,"height":746,"url":"https:\/\/jungianstudiesistanbul.com\/wp-content\/uploads\/2025\/08\/WhatsApp-Gorsel-2025-08-05-saat-07.55.40_e6224f0a.jpg","type":"image\/jpeg"}],"author":"admin","twitter_card":"summary_large_image","twitter_misc":{"Written by":"admin","Est. reading time":"2 minutes"},"schema":{"@context":"https:\/\/schema.org","@graph":[{"@type":"Article","@id":"https:\/\/jungianstudiesistanbul.com\/c-g-jungun-elestirel-edisyonu-26-ciltlik-buyuk-proje-basliyor\/#article","isPartOf":{"@id":"https:\/\/jungianstudiesistanbul.com\/c-g-jungun-elestirel-edisyonu-26-ciltlik-buyuk-proje-basliyor\/"},"author":{"name":"admin","@id":"https:\/\/jungianstudiesistanbul.com\/#\/schema\/person\/b2175f1e9f8026df21274ecca5085926"},"headline":"C. G. Jung\u2019un Ele\u015ftirel Edisyonu: 26 Ciltlik B\u00fcy\u00fck Proje Ba\u015fl\u0131yor","datePublished":"2025-08-10T20:31:23+00:00","dateModified":"2025-08-10T20:31:29+00:00","mainEntityOfPage":{"@id":"https:\/\/jungianstudiesistanbul.com\/c-g-jungun-elestirel-edisyonu-26-ciltlik-buyuk-proje-basliyor\/"},"wordCount":458,"commentCount":0,"publisher":{"@id":"https:\/\/jungianstudiesistanbul.com\/#organization"},"image":{"@id":"https:\/\/jungianstudiesistanbul.com\/c-g-jungun-elestirel-edisyonu-26-ciltlik-buyuk-proje-basliyor\/#primaryimage"},"thumbnailUrl":"https:\/\/jungianstudiesistanbul.com\/wp-content\/uploads\/2025\/08\/WhatsApp-Gorsel-2025-08-05-saat-07.55.40_e6224f0a.jpg","articleSection":["Carl Jung","T\u00fcm Blog"],"inLanguage":"en-US","potentialAction":[{"@type":"CommentAction","name":"Comment","target":["https:\/\/jungianstudiesistanbul.com\/c-g-jungun-elestirel-edisyonu-26-ciltlik-buyuk-proje-basliyor\/#respond"]}]},{"@type":"WebPage","@id":"https:\/\/jungianstudiesistanbul.com\/c-g-jungun-elestirel-edisyonu-26-ciltlik-buyuk-proje-basliyor\/","url":"https:\/\/jungianstudiesistanbul.com\/c-g-jungun-elestirel-edisyonu-26-ciltlik-buyuk-proje-basliyor\/","name":"C. G. Jung\u2019un Ele\u015ftirel Edisyonu: 26 Ciltlik B\u00fcy\u00fck Proje Ba\u015fl\u0131yor - Jungian Studies \u0130stanbul","isPartOf":{"@id":"https:\/\/jungianstudiesistanbul.com\/#website"},"primaryImageOfPage":{"@id":"https:\/\/jungianstudiesistanbul.com\/c-g-jungun-elestirel-edisyonu-26-ciltlik-buyuk-proje-basliyor\/#primaryimage"},"image":{"@id":"https:\/\/jungianstudiesistanbul.com\/c-g-jungun-elestirel-edisyonu-26-ciltlik-buyuk-proje-basliyor\/#primaryimage"},"thumbnailUrl":"https:\/\/jungianstudiesistanbul.com\/wp-content\/uploads\/2025\/08\/WhatsApp-Gorsel-2025-08-05-saat-07.55.40_e6224f0a.jpg","datePublished":"2025-08-10T20:31:23+00:00","dateModified":"2025-08-10T20:31:29+00:00","breadcrumb":{"@id":"https:\/\/jungianstudiesistanbul.com\/c-g-jungun-elestirel-edisyonu-26-ciltlik-buyuk-proje-basliyor\/#breadcrumb"},"inLanguage":"en-US","potentialAction":[{"@type":"ReadAction","target":["https:\/\/jungianstudiesistanbul.com\/c-g-jungun-elestirel-edisyonu-26-ciltlik-buyuk-proje-basliyor\/"]}]},{"@type":"ImageObject","inLanguage":"en-US","@id":"https:\/\/jungianstudiesistanbul.com\/c-g-jungun-elestirel-edisyonu-26-ciltlik-buyuk-proje-basliyor\/#primaryimage","url":"https:\/\/jungianstudiesistanbul.com\/wp-content\/uploads\/2025\/08\/WhatsApp-Gorsel-2025-08-05-saat-07.55.40_e6224f0a.jpg","contentUrl":"https:\/\/jungianstudiesistanbul.com\/wp-content\/uploads\/2025\/08\/WhatsApp-Gorsel-2025-08-05-saat-07.55.40_e6224f0a.jpg","width":793,"height":746},{"@type":"BreadcrumbList","@id":"https:\/\/jungianstudiesistanbul.com\/c-g-jungun-elestirel-edisyonu-26-ciltlik-buyuk-proje-basliyor\/#breadcrumb","itemListElement":[{"@type":"ListItem","position":1,"name":"Anasayfa","item":"https:\/\/jungianstudiesistanbul.com\/"},{"@type":"ListItem","position":2,"name":"C. G. Jung\u2019un Ele\u015ftirel Edisyonu: 26 Ciltlik B\u00fcy\u00fck Proje Ba\u015fl\u0131yor"}]},{"@type":"WebSite","@id":"https:\/\/jungianstudiesistanbul.com\/#website","url":"https:\/\/jungianstudiesistanbul.com\/","name":"Jungian Studies \u0130stanbul","description":"eBooks, PDF Documents, Workshops","publisher":{"@id":"https:\/\/jungianstudiesistanbul.com\/#organization"},"potentialAction":[{"@type":"SearchAction","target":{"@type":"EntryPoint","urlTemplate":"https:\/\/jungianstudiesistanbul.com\/?s={search_term_string}"},"query-input":{"@type":"PropertyValueSpecification","valueRequired":true,"valueName":"search_term_string"}}],"inLanguage":"en-US"},{"@type":"Organization","@id":"https:\/\/jungianstudiesistanbul.com\/#organization","name":"Jungian Studies \u0130stanbul","url":"https:\/\/jungianstudiesistanbul.com\/","logo":{"@type":"ImageObject","inLanguage":"en-US","@id":"https:\/\/jungianstudiesistanbul.com\/#\/schema\/logo\/image\/","url":"https:\/\/jungianstudiesistanbul.com\/wp-content\/uploads\/2026\/01\/rsw_700cg_truem.png","contentUrl":"https:\/\/jungianstudiesistanbul.com\/wp-content\/uploads\/2026\/01\/rsw_700cg_truem.png","width":700,"height":700,"caption":"Jungian Studies \u0130stanbul"},"image":{"@id":"https:\/\/jungianstudiesistanbul.com\/#\/schema\/logo\/image\/"}},{"@type":"Person","@id":"https:\/\/jungianstudiesistanbul.com\/#\/schema\/person\/b2175f1e9f8026df21274ecca5085926","name":"admin","image":{"@type":"ImageObject","inLanguage":"en-US","@id":"https:\/\/jungianstudiesistanbul.com\/#\/schema\/person\/image\/","url":"https:\/\/secure.gravatar.com\/avatar\/817f01cdb5bb072ddd6ce6650db1bbf31e50aaf53d12726f5ef0d9a0f3f237a5?s=96&d=mm&r=g","contentUrl":"https:\/\/secure.gravatar.com\/avatar\/817f01cdb5bb072ddd6ce6650db1bbf31e50aaf53d12726f5ef0d9a0f3f237a5?s=96&d=mm&r=g","caption":"admin"},"sameAs":["https:\/\/jungianstudiesistanbul.com\/v2"],"url":"https:\/\/jungianstudiesistanbul.com\/en\/author\/admin\/"}]}},"_links":{"self":[{"href":"https:\/\/jungianstudiesistanbul.com\/en\/wp-json\/wp\/v2\/posts\/2489","targetHints":{"allow":["GET"]}}],"collection":[{"href":"https:\/\/jungianstudiesistanbul.com\/en\/wp-json\/wp\/v2\/posts"}],"about":[{"href":"https:\/\/jungianstudiesistanbul.com\/en\/wp-json\/wp\/v2\/types\/post"}],"author":[{"embeddable":true,"href":"https:\/\/jungianstudiesistanbul.com\/en\/wp-json\/wp\/v2\/users\/1"}],"replies":[{"embeddable":true,"href":"https:\/\/jungianstudiesistanbul.com\/en\/wp-json\/wp\/v2\/comments?post=2489"}],"version-history":[{"count":1,"href":"https:\/\/jungianstudiesistanbul.com\/en\/wp-json\/wp\/v2\/posts\/2489\/revisions"}],"predecessor-version":[{"id":2491,"href":"https:\/\/jungianstudiesistanbul.com\/en\/wp-json\/wp\/v2\/posts\/2489\/revisions\/2491"}],"wp:featuredmedia":[{"embeddable":true,"href":"https:\/\/jungianstudiesistanbul.com\/en\/wp-json\/wp\/v2\/media\/2490"}],"wp:attachment":[{"href":"https:\/\/jungianstudiesistanbul.com\/en\/wp-json\/wp\/v2\/media?parent=2489"}],"wp:term":[{"taxonomy":"category","embeddable":true,"href":"https:\/\/jungianstudiesistanbul.com\/en\/wp-json\/wp\/v2\/categories?post=2489"},{"taxonomy":"post_tag","embeddable":true,"href":"https:\/\/jungianstudiesistanbul.com\/en\/wp-json\/wp\/v2\/tags?post=2489"}],"curies":[{"name":"wp","href":"https:\/\/api.w.org\/{rel}","templated":true}]}}